{"id":1185,"date":"2022-07-17T09:11:04","date_gmt":"2022-07-17T12:11:04","guid":{"rendered":"https:\/\/germinal.com.br\/site\/?p=1185"},"modified":"2025-05-26T06:46:32","modified_gmt":"2025-05-26T09:46:32","slug":"bambuzeria-escola-nucleo-formador","status":"publish","type":"post","link":"https:\/\/germinal.com.br\/site\/noticias\/bambuzeria-escola-nucleo-formador\/","title":{"rendered":"Bambuzeria\/Escola &#8211; n\u00facleo formador"},"content":{"rendered":"\n<p>No dia 14 de julho de 2022, \u00faltima quinta, aconteceu a reuni\u00e3o dos interessados em formar um n\u00facleo de bambuzeria, com a inten\u00e7\u00e3o de se tornar uma oficina permanente voltada \u00e0 comunidade.<\/p>\n\n\n\n<p>A ades\u00e3o \u00e0 proposta superou as expectativas. Al\u00e9m dos fisicamente presentes, outras pessoas manifestaram interesse em participar mais tarde.<\/p>\n\n\n\n<p>Destaco a participa\u00e7\u00e3o do Juan Camilo que trouxe um conhecimento precioso advindo de sua regi\u00e3o de origem na Col\u00f4mbia, com informa\u00e7\u00f5es sobre como construir a bancada da oficina de bambus. Com base nisso daremos o pr\u00f3ximo passo: reunir o material e construir a bancada da bambuzeria. Enquanto isso estamos estudando a disponibilidade de bambus na regi\u00e3o, esp\u00e9cies etc.<\/p>\n\n\n\n<p>Um passo importante foi dado.<br>O primeiro de uma caminhada.<\/p>\n\n\n\n<figure class=\"wp-block-gallery has-nested-images columns-default is-cropped wp-block-gallery-1 is-layout-flex wp-block-gallery-is-layout-flex\">\n<figure class=\"wp-block-image size-large\"><img decoding=\"async\" src=\"https:\/\/germinal.com.br\/site\/wp-content\/uploads\/2022\/07\/foto2-1024x768.jpg\" alt=\"\"\/><\/figure>\n\n\n\n<figure class=\"wp-block-image size-large\"><img decoding=\"async\" src=\"https:\/\/germinal.com.br\/site\/wp-content\/uploads\/2022\/07\/foto3-1024x768.jpg\" alt=\"\"\/><\/figure>\n\n\n\n<figure class=\"wp-block-image size-large\"><img decoding=\"async\" src=\"https:\/\/germinal.com.br\/site\/wp-content\/uploads\/2022\/07\/foto4-1024x768.jpg\" alt=\"\"\/><\/figure>\n\n\n\n<figure class=\"wp-block-image size-large\"><img decoding=\"async\" src=\"https:\/\/germinal.com.br\/site\/wp-content\/uploads\/2022\/07\/foto6-1024x768.jpg\" alt=\"\"\/><\/figure>\n\n\n\n<figure class=\"wp-block-image size-large\"><img decoding=\"async\" src=\"https:\/\/germinal.com.br\/site\/wp-content\/uploads\/2022\/07\/bancada_bambu_detalhe.jpg\" alt=\"\"\/><\/figure>\n\n\n\n<figure class=\"wp-block-image size-large\"><img decoding=\"async\" src=\"https:\/\/germinal.com.br\/site\/wp-content\/uploads\/2022\/07\/Scanner_20220715-1024x729.jpg\" alt=\"\"\/><\/figure>\n<\/figure>\n","protected":false},"excerpt":{"rendered":"<p>No dia 14 de julho de 2022, \u00faltima quinta, aconteceu a reuni\u00e3o dos interessados em formar um n\u00facleo de bambuzeria, com a inten\u00e7\u00e3o de se tornar uma oficina permanente voltada \u00e0 comunidade. A ades\u00e3o \u00e0 proposta superou as expectativas. Al\u00e9m dos fisicamente presentes, outras pessoas manifestaram interesse em participar mais tarde. Destaco a participa\u00e7\u00e3o do&hellip;&nbsp;<a href=\"https:\/\/germinal.com.br\/site\/noticias\/bambuzeria-escola-nucleo-formador\/\" rel=\"bookmark\">Continue a ler &raquo;<span class=\"screen-reader-text\">Bambuzeria\/Escola &#8211; n\u00facleo formador<\/span><\/a><\/p>\n","protected":false},"author":1,"featured_media":1186,"comment_status":"closed","ping_status":"open","sticky":false,"template":"","format":"standard","meta":{"neve_meta_sidebar":"","neve_meta_container":"","neve_meta_enable_content_width":"","neve_meta_content_width":0,"neve_meta_title_alignment":"","neve_meta_author_avatar":"","neve_post_elements_order":"[\"title\",\"meta\",\"content\",\"tags\",\"comments\"]","neve_meta_disable_header":"","neve_meta_disable_footer":"","neve_meta_disable_title":"","footnotes":""},"categories":[26,3],"tags":[28],"class_list":["post-1185","post","type-post","status-publish","format-standard","has-post-thumbnail","hentry","category-bambuzeria","category-noticias","tag-projetos"],"featured_image_src":"https:\/\/germinal.com.br\/site\/wp-content\/uploads\/2022\/07\/bambu025.jpg","author_info":{"display_name":"S\u00edtio Germinal","author_link":"https:\/\/germinal.com.br\/site\/author\/jgrolim\/"},"_links":{"self":[{"href":"https:\/\/germinal.com.br\/site\/wp-json\/wp\/v2\/posts\/1185","targetHints":{"allow":["GET"]}}],"collection":[{"href":"https:\/\/germinal.com.br\/site\/wp-json\/wp\/v2\/posts"}],"about":[{"href":"https:\/\/germinal.com.br\/site\/wp-json\/wp\/v2\/types\/post"}],"author":[{"embeddable":true,"href":"https:\/\/germinal.com.br\/site\/wp-json\/wp\/v2\/users\/1"}],"replies":[{"embeddable":true,"href":"https:\/\/germinal.com.br\/site\/wp-json\/wp\/v2\/comments?post=1185"}],"version-history":[{"count":6,"href":"https:\/\/germinal.com.br\/site\/wp-json\/wp\/v2\/posts\/1185\/revisions"}],"predecessor-version":[{"id":1790,"href":"https:\/\/germinal.com.br\/site\/wp-json\/wp\/v2\/posts\/1185\/revisions\/1790"}],"wp:featuredmedia":[{"embeddable":true,"href":"https:\/\/germinal.com.br\/site\/wp-json\/wp\/v2\/media\/1186"}],"wp:attachment":[{"href":"https:\/\/germinal.com.br\/site\/wp-json\/wp\/v2\/media?parent=1185"}],"wp:term":[{"taxonomy":"category","embeddable":true,"href":"https:\/\/germinal.com.br\/site\/wp-json\/wp\/v2\/categories?post=1185"},{"taxonomy":"post_tag","embeddable":true,"href":"https:\/\/germinal.com.br\/site\/wp-json\/wp\/v2\/tags?post=1185"}],"curies":[{"name":"wp","href":"https:\/\/api.w.org\/{rel}","templated":true}]}}