{"id":1378,"date":"2022-11-28T12:19:21","date_gmt":"2022-11-28T15:19:21","guid":{"rendered":"https:\/\/germinal.com.br\/site\/?p=1378"},"modified":"2025-05-26T06:46:16","modified_gmt":"2025-05-26T09:46:16","slug":"aula-de-yoga-experimental","status":"publish","type":"post","link":"https:\/\/germinal.com.br\/site\/noticias\/aula-de-yoga-experimental\/","title":{"rendered":"Aula de Yoga Experimental"},"content":{"rendered":"<div class=\"wp-block-image\">\n<figure class=\"alignleft size-large\"><img decoding=\"async\" src=\"https:\/\/germinal.com.br\/site\/wp-content\/uploads\/2022\/11\/aula-inaugural-ioga-luisa-nov2022-150x150.jpeg\" alt=\"aula-inaugural-ioga-luisa-nov2022\"\/><\/figure>\n<\/div>\n\n\n<p>No dia 27 de novembro de 2022 aconteceu a Primeira aula de Yoga no S\u00edtio Germinal. Resumidamente, Yoga \u00e9 um estilo de vida que re\u00fane um conjunto de t\u00e9cnicas que tem como objetivo capacitar a mente para que ela alcance o autoconhecimento. Sendo uma das t\u00e9cnicas, a realiza\u00e7\u00e3o de posturas psicof\u00edsicas (asanas), muito procurada pelos ocidentais, pois, produz benef\u00edcios significativos ao corpo humano. <\/p>\n\n\n<div class=\"wp-block-image\">\n<figure class=\"alignright size-large\"><img decoding=\"async\" src=\"https:\/\/germinal.com.br\/site\/wp-content\/uploads\/2022\/11\/WhatsApp-Image-2022-11-27-at-12.41.49-300x225.jpeg\" alt=\"\"\/><\/figure>\n<\/div>\n\n\n<p>A aula compartilhada no domingo, foi baseada no Vinyasa Yoga, o encontro durou cerca de 60 minutos. Ao t\u00e9rmino, as pessoas participantes relataram a sensa\u00e7\u00e3o de bem estar e vontade de dar continuidade aos encontros. Assim, h\u00e1 possibilidade de formar turmas para que a pr\u00e1tica de Yoga seja realizada com frequ\u00eancia semanal.<\/p>\n\n\n\n<p>Para mais informa\u00e7\u00f5es, entre em contato.<br>Luisa Zafalan<br>Professora formada pela escola &#8221; &#8220;Pranava: Yoga e Vedanta&#8221; (Vinhedo -SP)<br>(83) 996975199<\/p>\n","protected":false},"excerpt":{"rendered":"<p>No dia 27 de novembro de 2022 aconteceu a Primeira aula de Yoga no S\u00edtio Germinal. Resumidamente, Yoga \u00e9 um estilo de vida que re\u00fane um conjunto de t\u00e9cnicas que tem como objetivo capacitar a mente para que ela alcance o autoconhecimento. Sendo uma das t\u00e9cnicas, a realiza\u00e7\u00e3o de posturas psicof\u00edsicas (asanas), muito procurada pelos&hellip;&nbsp;<a href=\"https:\/\/germinal.com.br\/site\/noticias\/aula-de-yoga-experimental\/\" rel=\"bookmark\">Continue a ler &raquo;<span class=\"screen-reader-text\">Aula de Yoga Experimental<\/span><\/a><\/p>\n","protected":false},"author":1,"featured_media":1379,"comment_status":"closed","ping_status":"open","sticky":false,"template":"","format":"standard","meta":{"neve_meta_sidebar":"","neve_meta_container":"","neve_meta_enable_content_width":"","neve_meta_content_width":0,"neve_meta_title_alignment":"","neve_meta_author_avatar":"","neve_post_elements_order":"[\"title\",\"meta\",\"thumbnail\",\"tags\",\"content\",\"comments\"]","neve_meta_disable_header":"","neve_meta_disable_footer":"","neve_meta_disable_title":"","footnotes":""},"categories":[39,3],"tags":[],"class_list":["post-1378","post","type-post","status-publish","format-standard","has-post-thumbnail","hentry","category-aula","category-noticias"],"featured_image_src":"https:\/\/germinal.com.br\/site\/wp-content\/uploads\/2022\/11\/WhatsApp-Image-2022-11-27-at-12.41.50-2.jpeg","author_info":{"display_name":"S\u00edtio Germinal","author_link":"https:\/\/germinal.com.br\/site\/author\/jgrolim\/"},"_links":{"self":[{"href":"https:\/\/germinal.com.br\/site\/wp-json\/wp\/v2\/posts\/1378","targetHints":{"allow":["GET"]}}],"collection":[{"href":"https:\/\/germinal.com.br\/site\/wp-json\/wp\/v2\/posts"}],"about":[{"href":"https:\/\/germinal.com.br\/site\/wp-json\/wp\/v2\/types\/post"}],"author":[{"embeddable":true,"href":"https:\/\/germinal.com.br\/site\/wp-json\/wp\/v2\/users\/1"}],"replies":[{"embeddable":true,"href":"https:\/\/germinal.com.br\/site\/wp-json\/wp\/v2\/comments?post=1378"}],"version-history":[{"count":4,"href":"https:\/\/germinal.com.br\/site\/wp-json\/wp\/v2\/posts\/1378\/revisions"}],"predecessor-version":[{"id":1787,"href":"https:\/\/germinal.com.br\/site\/wp-json\/wp\/v2\/posts\/1378\/revisions\/1787"}],"wp:featuredmedia":[{"embeddable":true,"href":"https:\/\/germinal.com.br\/site\/wp-json\/wp\/v2\/media\/1379"}],"wp:attachment":[{"href":"https:\/\/germinal.com.br\/site\/wp-json\/wp\/v2\/media?parent=1378"}],"wp:term":[{"taxonomy":"category","embeddable":true,"href":"https:\/\/germinal.com.br\/site\/wp-json\/wp\/v2\/categories?post=1378"},{"taxonomy":"post_tag","embeddable":true,"href":"https:\/\/germinal.com.br\/site\/wp-json\/wp\/v2\/tags?post=1378"}],"curies":[{"name":"wp","href":"https:\/\/api.w.org\/{rel}","templated":true}]}}