{"id":244,"date":"2021-11-19T10:50:15","date_gmt":"2021-11-19T13:50:15","guid":{"rendered":"https:\/\/germinal.com.br\/site\/?p=244"},"modified":"2023-07-02T10:12:51","modified_gmt":"2023-07-02T13:12:51","slug":"jua-pereira-do-sitio-semente-em-solanea-pb","status":"publish","type":"post","link":"https:\/\/germinal.com.br\/site\/noticias\/jua-pereira-do-sitio-semente-em-solanea-pb\/","title":{"rendered":"Ju\u00e3 Pereira do S\u00edtio Semente, em Sol\u00e2nea &#8211; PB"},"content":{"rendered":"\n<p>Com dura\u00e7\u00e3o de 2 dias, o curso \u00e9 composto por aulas pr\u00e1ticas e te\u00f3ricas de manejo de sistemas agroflorestais, com abordagens sobre sementes, preparo do solo, plantio e desenvolvimento das esp\u00e9cies.<\/p>\n\n\n\n<figure class=\"wp-block-image size-large\"><img loading=\"lazy\" decoding=\"async\" width=\"1024\" height=\"1024\" src=\"https:\/\/germinal.com.br\/site\/wp-content\/uploads\/2021\/11\/safs_juan_solanea_dez2021-1024x1024.jpg\" alt=\"safs_juan_solanea_dez2021\" class=\"wp-image-245\" srcset=\"https:\/\/germinal.com.br\/site\/wp-content\/uploads\/2021\/11\/safs_juan_solanea_dez2021-1024x1024.jpg 1024w, https:\/\/germinal.com.br\/site\/wp-content\/uploads\/2021\/11\/safs_juan_solanea_dez2021-300x300.jpg 300w, https:\/\/germinal.com.br\/site\/wp-content\/uploads\/2021\/11\/safs_juan_solanea_dez2021-150x150.jpg 150w, https:\/\/germinal.com.br\/site\/wp-content\/uploads\/2021\/11\/safs_juan_solanea_dez2021-768x768.jpg 768w, https:\/\/germinal.com.br\/site\/wp-content\/uploads\/2021\/11\/safs_juan_solanea_dez2021.jpg 1080w\" sizes=\"auto, (max-width: 1024px) 100vw, 1024px\" \/><\/figure>\n","protected":false},"excerpt":{"rendered":"<p>Com dura\u00e7\u00e3o de 2 dias, o curso \u00e9 composto por aulas pr\u00e1ticas e te\u00f3ricas de manejo de sistemas agroflorestais, com abordagens sobre sementes, preparo do solo, plantio e desenvolvimento das esp\u00e9cies.<\/p>\n","protected":false},"author":1,"featured_media":245,"comment_status":"closed","ping_status":"open","sticky":false,"template":"","format":"standard","meta":{"neve_meta_sidebar":"","neve_meta_container":"","neve_meta_enable_content_width":"","neve_meta_content_width":0,"neve_meta_title_alignment":"","neve_meta_author_avatar":"","neve_post_elements_order":"[\"title\",\"meta\",\"content\",\"tags\",\"comments\"]","neve_meta_disable_header":"","neve_meta_disable_footer":"","neve_meta_disable_title":"","footnotes":""},"categories":[3,22],"tags":[],"class_list":["post-244","post","type-post","status-publish","format-standard","has-post-thumbnail","hentry","category-noticias","category-regiao"],"featured_image_src":"https:\/\/germinal.com.br\/site\/wp-content\/uploads\/2021\/11\/safs_juan_solanea_dez2021.jpg","author_info":{"display_name":"S\u00edtio Germinal","author_link":"https:\/\/germinal.com.br\/site\/author\/jgrolim\/"},"_links":{"self":[{"href":"https:\/\/germinal.com.br\/site\/wp-json\/wp\/v2\/posts\/244","targetHints":{"allow":["GET"]}}],"collection":[{"href":"https:\/\/germinal.com.br\/site\/wp-json\/wp\/v2\/posts"}],"about":[{"href":"https:\/\/germinal.com.br\/site\/wp-json\/wp\/v2\/types\/post"}],"author":[{"embeddable":true,"href":"https:\/\/germinal.com.br\/site\/wp-json\/wp\/v2\/users\/1"}],"replies":[{"embeddable":true,"href":"https:\/\/germinal.com.br\/site\/wp-json\/wp\/v2\/comments?post=244"}],"version-history":[{"count":4,"href":"https:\/\/germinal.com.br\/site\/wp-json\/wp\/v2\/posts\/244\/revisions"}],"predecessor-version":[{"id":254,"href":"https:\/\/germinal.com.br\/site\/wp-json\/wp\/v2\/posts\/244\/revisions\/254"}],"wp:featuredmedia":[{"embeddable":true,"href":"https:\/\/germinal.com.br\/site\/wp-json\/wp\/v2\/media\/245"}],"wp:attachment":[{"href":"https:\/\/germinal.com.br\/site\/wp-json\/wp\/v2\/media?parent=244"}],"wp:term":[{"taxonomy":"category","embeddable":true,"href":"https:\/\/germinal.com.br\/site\/wp-json\/wp\/v2\/categories?post=244"},{"taxonomy":"post_tag","embeddable":true,"href":"https:\/\/germinal.com.br\/site\/wp-json\/wp\/v2\/tags?post=244"}],"curies":[{"name":"wp","href":"https:\/\/api.w.org\/{rel}","templated":true}]}}